{"id":7542,"date":"2023-04-05T19:17:22","date_gmt":"2023-04-05T18:17:22","guid":{"rendered":"https:\/\/micologica-barakaldo.org\/?p=7542"},"modified":"2025-11-17T22:59:49","modified_gmt":"2025-11-17T21:59:49","slug":"tuber-bituminatum","status":"publish","type":"post","link":"https:\/\/micologica-barakaldo.org\/eu\/tuber-bituminatum\/","title":{"rendered":"Tuber bituminatum"},"content":{"rendered":"<div class=\"fusion-fullwidth fullwidth-box fusion-builder-row-1 nonhundred-percent-fullwidth non-hundred-percent-height-scrolling\" style=\"--awb-border-radius-top-left:0px;--awb-border-radius-top-right:0px;--awb-border-radius-bottom-right:0px;--awb-border-radius-bottom-left:0px;--awb-padding-bottom:50px;--awb-flex-wrap:wrap;\" ><div class=\"fusion-builder-row fusion-row\"><div class=\"fusion-layout-column fusion_builder_column fusion-builder-column-0 fusion_builder_column_1_2 1_2 fusion-one-half fusion-column-first\" style=\"--awb-bg-size:cover;width:48%; margin-right: 4%;\"><div class=\"fusion-column-wrapper fusion-flex-column-wrapper-legacy\"><div class=\"fusion-text fusion-text-1\"><p>&nbsp;<\/p>\n<p style=\"text-align: justify;\"><strong><em>Tuber bituminatum <\/em><\/strong><strong>Berk. &amp; Broome<em>, <\/em><\/strong>Ann. Mag. Nat. Hist. Ser. 2, 7 (39): 183. 1851<\/p>\n<p style=\"text-align: justify;\">MycoBank: <a href=\"https:\/\/www.mycobank.org\/MB\/196523\">\u00a0<span style=\"color: #0000ff;\">196523<\/span><\/a><\/p>\n<p style=\"text-align: justify;\">Caracteres macrosc\u00f3picos. <em>Ascomas<\/em> subglobosos, irregulares, gibosos. Peridio formado por gruesas verrugas de aspecto irregulares poligonales o piramidales (de 4-8 mm), de color pardo negro o negro. <em>Gleba<\/em> carnosa, firme, primero blanquecina, ocr\u00e1cea en la madurez, con multitud de venillas f\u00e9rtiles sinuosas un poco m\u00e1s oscuras; olor intenso y agradable de cebada tostada o materia en fermentaci\u00f3n.<\/p>\n<p style=\"text-align: justify;\"><em>Caracteres microsc\u00f3picos<\/em>. <em>Ascosporas <\/em>de (22,0) 23,5-30,0 \u00d7 16,0-22,5 \u00b5m \/ Q = 1,4-1,8; de elipsoidales o subglobulosas, amarillo-ocre, reticulado-alveoladas, provista de una malla poligonal irregular de hasta \u00d75 \u00b5m de altura. Ascos de hasta 100 \u00d7 75 \u00b5m, en forma de saco, brevemente pedunculados, con (1) 2-4 (6) ascosporas.<\/p>\n<p style=\"text-align: justify;\"><em>Ecolog\u00eda<\/em>. En verano y oto\u00f1o, especie hipogea, semienterrada, en bosques de frondosas, en suelos calc\u00e1reos, sobre todo con <em>Quercus sp, Corylus avellana<\/em>. Distribuci\u00f3n. Poco frecuente. R. Fotograf\u00eda.\u00a0 Jos\u00e9 A. Mu\u00f1oz S\u00e1nchez.<\/p>\n<p style=\"text-align: justify;\">Citar como: MU\u00d1OZ, J. A. (2025). <em>Tuber bituminatum <\/em>Berk. &amp; Broome, micol\u00f3gica-barakaldo.org [en l\u00ednea]. Fichas Micol\u00f3gicas, 740 (Actualizada el 17-XI-2025). ISSN 2660-633X. [consultado el xx\/xx\/xxx] https:\/\/micologica-barakaldo.org\/Tuber-bituminatum\/<\/p>\n<p style=\"text-align: justify;\"><strong style=\"color: #339966;\">Comestibilidad.<\/strong><span style=\"color: #339966;\"> Excelente comestible.<\/span><\/p>\n<\/div><div class=\"fusion-clearfix\"><\/div><\/div><\/div><div class=\"fusion-layout-column fusion_builder_column fusion-builder-column-1 fusion_builder_column_1_2 1_2 fusion-one-half fusion-column-last\" style=\"--awb-bg-size:cover;width:48%;\"><div class=\"fusion-column-wrapper fusion-flex-column-wrapper-legacy\"><div class=\"fusion-image-element in-legacy-container\" style=\"--awb-caption-title-font-family:var(--h2_typography-font-family);--awb-caption-title-font-weight:var(--h2_typography-font-weight);--awb-caption-title-font-style:var(--h2_typography-font-style);--awb-caption-title-size:var(--h2_typography-font-size);--awb-caption-title-transform:var(--h2_typography-text-transform);--awb-caption-title-line-height:var(--h2_typography-line-height);--awb-caption-title-letter-spacing:var(--h2_typography-letter-spacing);\"><span class=\" fusion-imageframe imageframe-none imageframe-1 hover-type-none\"><img loading=\"lazy\" decoding=\"async\" width=\"1204\" height=\"895\" title=\"Tuber aestivum_20120428_4625\" src=\"https:\/\/micologica-barakaldo.org\/wp-content\/uploads\/2023\/04\/Tuber-aestivum_20120428_4625.jpg\" alt class=\"img-responsive wp-image-7541\" srcset=\"https:\/\/micologica-barakaldo.org\/wp-content\/uploads\/2023\/04\/Tuber-aestivum_20120428_4625-200x149.jpg 200w, https:\/\/micologica-barakaldo.org\/wp-content\/uploads\/2023\/04\/Tuber-aestivum_20120428_4625-400x297.jpg 400w, https:\/\/micologica-barakaldo.org\/wp-content\/uploads\/2023\/04\/Tuber-aestivum_20120428_4625-600x446.jpg 600w, https:\/\/micologica-barakaldo.org\/wp-content\/uploads\/2023\/04\/Tuber-aestivum_20120428_4625-800x595.jpg 800w, https:\/\/micologica-barakaldo.org\/wp-content\/uploads\/2023\/04\/Tuber-aestivum_20120428_4625-1200x892.jpg 1200w, https:\/\/micologica-barakaldo.org\/wp-content\/uploads\/2023\/04\/Tuber-aestivum_20120428_4625.jpg 1204w\" sizes=\"auto, (max-width: 1024px) 100vw, 800px\" \/><\/span><\/div><div class=\"fusion-clearfix\"><\/div><\/div><\/div><div class=\"fusion-layout-column fusion_builder_column fusion-builder-column-2 fusion_builder_column_1_1 1_1 fusion-one-full fusion-column-first fusion-column-last\" style=\"--awb-padding-top:40px;--awb-bg-size:cover;\"><div class=\"fusion-column-wrapper fusion-flex-column-wrapper-legacy\"><div class=\"fusion-aligncenter\"><a class=\"fusion-button button-flat button-xlarge button-default fusion-button-default button-1 fusion-button-default-span fusion-button-default-type\" target=\"_self\" href=\"https:\/\/micologica-barakaldo.org\/wp-content\/uploads\/2025\/11\/Tuber-bituminatum.pdf\"><i class=\"fa-file-pdf far awb-button__icon awb-button__icon--default button-icon-left\" aria-hidden=\"true\"><\/i><span class=\"fusion-button-text awb-button__text awb-button__text--default\">VER FICHA COMPLETA<\/span><\/a><\/div><div class=\"fusion-clearfix\"><\/div><\/div><\/div><\/div><\/div>\n","protected":false},"excerpt":{"rendered":"","protected":false},"author":2,"featured_media":7540,"comment_status":"open","ping_status":"closed","sticky":false,"template":"","format":"standard","meta":{"footnotes":"","jetpack_publicize_message":"","jetpack_publicize_feature_enabled":true,"jetpack_social_post_already_shared":true,"jetpack_social_options":{"image_generator_settings":{"template":"highway","default_image_id":0,"font":"","enabled":false},"version":2}},"categories":[7,6,47],"tags":[],"class_list":["post-7542","post","type-post","status-publish","format-standard","has-post-thumbnail","hentry","category-blog","category-fichas-micologicas","category-fichas-micologicas-setas-t"],"jetpack_publicize_connections":[],"jetpack_featured_media_url":"https:\/\/micologica-barakaldo.org\/wp-content\/uploads\/2023\/04\/Tuber-aestivum_20120428_4625.jpg","jetpack_shortlink":"https:\/\/wp.me\/p9dTSQ-1XE","_links":{"self":[{"href":"https:\/\/micologica-barakaldo.org\/eu\/wp-json\/wp\/v2\/posts\/7542","targetHints":{"allow":["GET"]}}],"collection":[{"href":"https:\/\/micologica-barakaldo.org\/eu\/wp-json\/wp\/v2\/posts"}],"about":[{"href":"https:\/\/micologica-barakaldo.org\/eu\/wp-json\/wp\/v2\/types\/post"}],"author":[{"embeddable":true,"href":"https:\/\/micologica-barakaldo.org\/eu\/wp-json\/wp\/v2\/users\/2"}],"replies":[{"embeddable":true,"href":"https:\/\/micologica-barakaldo.org\/eu\/wp-json\/wp\/v2\/comments?post=7542"}],"version-history":[{"count":5,"href":"https:\/\/micologica-barakaldo.org\/eu\/wp-json\/wp\/v2\/posts\/7542\/revisions"}],"predecessor-version":[{"id":12059,"href":"https:\/\/micologica-barakaldo.org\/eu\/wp-json\/wp\/v2\/posts\/7542\/revisions\/12059"}],"wp:featuredmedia":[{"embeddable":true,"href":"https:\/\/micologica-barakaldo.org\/eu\/wp-json\/wp\/v2\/media\/7540"}],"wp:attachment":[{"href":"https:\/\/micologica-barakaldo.org\/eu\/wp-json\/wp\/v2\/media?parent=7542"}],"wp:term":[{"taxonomy":"category","embeddable":true,"href":"https:\/\/micologica-barakaldo.org\/eu\/wp-json\/wp\/v2\/categories?post=7542"},{"taxonomy":"post_tag","embeddable":true,"href":"https:\/\/micologica-barakaldo.org\/eu\/wp-json\/wp\/v2\/tags?post=7542"}],"curies":[{"name":"wp","href":"https:\/\/api.w.org\/{rel}","templated":true}]}}