{"id":7562,"date":"2023-04-14T20:48:34","date_gmt":"2023-04-14T19:48:34","guid":{"rendered":"https:\/\/micologica-barakaldo.org\/?p=7562"},"modified":"2023-04-14T20:48:34","modified_gmt":"2023-04-14T19:48:34","slug":"butiryboletus-appendiculatus","status":"publish","type":"post","link":"https:\/\/micologica-barakaldo.org\/eu\/butiryboletus-appendiculatus\/","title":{"rendered":"Butiryboletus appendiculatus"},"content":{"rendered":"<div class=\"fusion-fullwidth fullwidth-box fusion-builder-row-1 nonhundred-percent-fullwidth non-hundred-percent-height-scrolling\" style=\"--awb-border-radius-top-left:0px;--awb-border-radius-top-right:0px;--awb-border-radius-bottom-right:0px;--awb-border-radius-bottom-left:0px;--awb-padding-bottom:50px;--awb-flex-wrap:wrap;\" ><div class=\"fusion-builder-row fusion-row\"><div class=\"fusion-layout-column fusion_builder_column fusion-builder-column-0 fusion_builder_column_1_2 1_2 fusion-one-half fusion-column-first\" style=\"--awb-bg-size:cover;width:48%; margin-right: 4%;\"><div class=\"fusion-column-wrapper fusion-flex-column-wrapper-legacy\"><div class=\"fusion-text fusion-text-1\"><p style=\"text-align: justify;\"><span style=\"color: #000000;\"><strong><em>Butyriboletus appendiculatus<\/em><\/strong> <strong>(Schaeff.) <\/strong><strong>D. Arora &amp; J.L. Frank<\/strong>, Mycologia 106(3): 466. 2014<\/span><\/p>\n<p style=\"text-align: justify;\"><span style=\"color: #000000;\">\u2261<em>Boletus appendiculatus<\/em> Schaeff., Fung. bavar. palat. nasc. (Ratisbonae) 4: 86. 1774 [basionym]<\/span><\/p>\n<p style=\"text-align: justify;\"><span style=\"color: #000000;\">Caracteres macrosc\u00f3picos. <em>P\u00edleo<\/em> de 60-200 mm de di\u00e1metro, hemisf\u00e9rico, globoso, un poco abollado, despu\u00e9s convexo, al final plano convexo; margen espeso al principio incurvado, despu\u00e9s recto, un poco excedente; superficie pileica poco separable, mate, seca a ligeramente untosa en tiempo h\u00famedo, finamente aterciopelada o afieltrada, de color pardo casta\u00f1o, pardo rojizo, marr\u00f3n, pardo marr\u00f3n ocr\u00e1ceo. <em>Himen\u00f3foro<\/em> con tubos largos, de 10-18 mm, amarillo p\u00e1lido, amarillo, por \u00faltimo, amarillo verdoso, azul verdoso al contacto con el aire; poros muy prietos y peque\u00f1os al principio, finos, redondos, de color amarillo vivo, amarillo lim\u00f3n, despu\u00e9s amarillo ocr\u00e1ceo, por \u00faltimo, amarillo-verdosos, se manchan de azul a la presi\u00f3n. Est\u00edpite de 50-150 \u00d7 30-60 mm, grueso, robusto, cilindr\u00e1ceo, fusiforme, adelgazado hacia la base y radicante; de color amarillo, amarillo sucio hacia la base o manchado de pardo rojizo; ret\u00edculo fino y apretado en la mitad superior, de color amarillo. Contexto firme, espeso, duro y fibroso en el est\u00edpite, de color amarillo claro o blanco amarillento, amarillento claro en el estipe, ocr\u00e1cea hacia la base, en las mordeduras de las larvas es de color ocre naranja claro, al contacto con el aire toma suaves tonalidades azuladas sobre todo en la parte alta del est\u00edpite y periferia de los tubos, en las heridas externas se mancha de ocre amarillo; olor suave agradable; sabor dulce.<\/span><\/p>\n<p style=\"text-align: justify;\"><span style=\"color: #000000;\">Caracteres microsc\u00f3picos. <em>Basidi\u00f3sporas<\/em> de (10,2) 11,5 \u00b1 0,60 (14,3) \u00d7 (4,0) 4,7 \u00b1 0,40 (5,3) mm; Q = (2,1) 2,4 \u00b10,15 (2,8), fusiformes, lisas, gutuladas, con paredes espesas, amarillentas. Esporada de color pardo oliv\u00e1ceo. <em>Cistidios<\/em> de 35-60 x 8-15 mm, fusiformes, clavados, algunos terminados en tetina. <em>Pileipellis<\/em> de tipo trichodermis, con hifas irregularmente entremezcladas, largas, cil\u00edndricas, septadas, juntas sin f\u00edbulas; elementos terminales con los art\u00edculos m\u00e1s o menos erectos, largos, claviformes o cilindr\u00e1ceos, con el \u00e1pice redondeado, de calibre 24-40,5 \u00d7 2,5-6 mm. Q = 7-15,5; elementos de la pileipellis finamente incrustados, con pigmento intracelular ocre.<\/span><\/p>\n<p style=\"text-align: justify;\"><span style=\"color: #000000;\">Ecolog\u00eda. En verano y principios de oto\u00f1o en bosques de frondosas, sobre todo de <em>Fagus sylvatica, Castanea sativa <\/em>y <em>Quercus sp.<\/em>, sobre suelos ligeramente \u00e1cidos. Distribuci\u00f3n. Frecuente en verano en bosques templados, R.\u00a0<\/span><\/p>\n<p><span style=\"color: #339966;\"><strong>Comestibilidad.<\/strong> Buen Comestible.<\/span><\/p>\n<p style=\"text-align: justify;\"><span style=\"color: #000000;\">Citar como: MU\u00d1OZ, J. A. (2023). <em>Butyriboletus appendiculatus<\/em> (Schaeff.) D. Arora &amp; J.L. Frank, micol\u00f3gica-barakaldo.org [en l\u00ednea]. Fichas Micol\u00f3gicas, 743 (Actualizada el 15-IV-2023). ISSN 2660-633X. [consultado el xx\/xx\/xxx] <a style=\"color: #000000;\" href=\"https:\/\/micologica-barakaldo.org\/Butyriboletus-appendiculatus\/\">https:\/\/micologica-barakaldo.org\/Butyriboletus-appendiculatus\/<\/a><\/span><\/p>\n<p style=\"text-align: justify;\"><strong>\u00a0<\/strong><\/p>\n<\/div><div class=\"fusion-clearfix\"><\/div><\/div><\/div><div class=\"fusion-layout-column fusion_builder_column fusion-builder-column-1 fusion_builder_column_1_2 1_2 fusion-one-half fusion-column-last\" style=\"--awb-bg-size:cover;width:48%;\"><div class=\"fusion-column-wrapper fusion-flex-column-wrapper-legacy\"><div class=\"fusion-image-element in-legacy-container\" style=\"--awb-caption-title-font-family:var(--h2_typography-font-family);--awb-caption-title-font-weight:var(--h2_typography-font-weight);--awb-caption-title-font-style:var(--h2_typography-font-style);--awb-caption-title-size:var(--h2_typography-font-size);--awb-caption-title-transform:var(--h2_typography-text-transform);--awb-caption-title-line-height:var(--h2_typography-line-height);--awb-caption-title-letter-spacing:var(--h2_typography-letter-spacing);\"><span class=\" fusion-imageframe imageframe-none imageframe-1 hover-type-none\"><img loading=\"lazy\" decoding=\"async\" width=\"1204\" height=\"861\" title=\"Butyriboletus appendiculatus_20200910_6672\" src=\"https:\/\/micologica-barakaldo.org\/wp-content\/uploads\/2023\/04\/Butyriboletus-appendiculatus_20200910_6672.jpg\" alt class=\"img-responsive wp-image-7566\" srcset=\"https:\/\/micologica-barakaldo.org\/wp-content\/uploads\/2023\/04\/Butyriboletus-appendiculatus_20200910_6672-200x143.jpg 200w, https:\/\/micologica-barakaldo.org\/wp-content\/uploads\/2023\/04\/Butyriboletus-appendiculatus_20200910_6672-400x286.jpg 400w, https:\/\/micologica-barakaldo.org\/wp-content\/uploads\/2023\/04\/Butyriboletus-appendiculatus_20200910_6672-600x429.jpg 600w, https:\/\/micologica-barakaldo.org\/wp-content\/uploads\/2023\/04\/Butyriboletus-appendiculatus_20200910_6672-800x572.jpg 800w, https:\/\/micologica-barakaldo.org\/wp-content\/uploads\/2023\/04\/Butyriboletus-appendiculatus_20200910_6672-1200x858.jpg 1200w, https:\/\/micologica-barakaldo.org\/wp-content\/uploads\/2023\/04\/Butyriboletus-appendiculatus_20200910_6672.jpg 1204w\" sizes=\"auto, (max-width: 1024px) 100vw, 800px\" \/><\/span><\/div><div class=\"fusion-clearfix\"><\/div><\/div><\/div><div class=\"fusion-layout-column fusion_builder_column fusion-builder-column-2 fusion_builder_column_1_1 1_1 fusion-one-full fusion-column-first fusion-column-last\" style=\"--awb-padding-top:40px;--awb-bg-size:cover;\"><div class=\"fusion-column-wrapper fusion-flex-column-wrapper-legacy\"><div class=\"fusion-aligncenter\"><a class=\"fusion-button button-flat button-xlarge button-default fusion-button-default button-1 fusion-button-default-span fusion-button-default-type\" target=\"_self\" href=\"https:\/\/micologica-barakaldo.org\/wp-content\/uploads\/2023\/04\/Butyriboletus-appendiculatus.pdf\"><i class=\"fa-file-pdf far awb-button__icon awb-button__icon--default button-icon-left\" aria-hidden=\"true\"><\/i><span class=\"fusion-button-text awb-button__text awb-button__text--default\">VER FICHA COMPLETA<\/span><\/a><\/div><div class=\"fusion-clearfix\"><\/div><\/div><\/div><\/div><\/div>\n","protected":false},"excerpt":{"rendered":"","protected":false},"author":2,"featured_media":7565,"comment_status":"open","ping_status":"closed","sticky":false,"template":"","format":"standard","meta":{"footnotes":"","jetpack_publicize_message":"","jetpack_publicize_feature_enabled":true,"jetpack_social_post_already_shared":true,"jetpack_social_options":{"image_generator_settings":{"template":"highway","default_image_id":0,"font":"","enabled":false},"version":2}},"categories":[29,6],"tags":[],"class_list":["post-7562","post","type-post","status-publish","format-standard","has-post-thumbnail","hentry","category-fichas-micologicas-setas-b","category-fichas-micologicas"],"jetpack_publicize_connections":[],"jetpack_featured_media_url":"https:\/\/micologica-barakaldo.org\/wp-content\/uploads\/2023\/04\/Butyriboletus-appendiculatus_20200910_6672.jpg","jetpack_shortlink":"https:\/\/wp.me\/p9dTSQ-1XY","_links":{"self":[{"href":"https:\/\/micologica-barakaldo.org\/eu\/wp-json\/wp\/v2\/posts\/7562","targetHints":{"allow":["GET"]}}],"collection":[{"href":"https:\/\/micologica-barakaldo.org\/eu\/wp-json\/wp\/v2\/posts"}],"about":[{"href":"https:\/\/micologica-barakaldo.org\/eu\/wp-json\/wp\/v2\/types\/post"}],"author":[{"embeddable":true,"href":"https:\/\/micologica-barakaldo.org\/eu\/wp-json\/wp\/v2\/users\/2"}],"replies":[{"embeddable":true,"href":"https:\/\/micologica-barakaldo.org\/eu\/wp-json\/wp\/v2\/comments?post=7562"}],"version-history":[{"count":2,"href":"https:\/\/micologica-barakaldo.org\/eu\/wp-json\/wp\/v2\/posts\/7562\/revisions"}],"predecessor-version":[{"id":7569,"href":"https:\/\/micologica-barakaldo.org\/eu\/wp-json\/wp\/v2\/posts\/7562\/revisions\/7569"}],"wp:featuredmedia":[{"embeddable":true,"href":"https:\/\/micologica-barakaldo.org\/eu\/wp-json\/wp\/v2\/media\/7565"}],"wp:attachment":[{"href":"https:\/\/micologica-barakaldo.org\/eu\/wp-json\/wp\/v2\/media?parent=7562"}],"wp:term":[{"taxonomy":"category","embeddable":true,"href":"https:\/\/micologica-barakaldo.org\/eu\/wp-json\/wp\/v2\/categories?post=7562"},{"taxonomy":"post_tag","embeddable":true,"href":"https:\/\/micologica-barakaldo.org\/eu\/wp-json\/wp\/v2\/tags?post=7562"}],"curies":[{"name":"wp","href":"https:\/\/api.w.org\/{rel}","templated":true}]}}