{"id":7563,"date":"2023-04-14T20:53:18","date_gmt":"2023-04-14T19:53:18","guid":{"rendered":"https:\/\/micologica-barakaldo.org\/?p=7563"},"modified":"2024-02-04T10:43:43","modified_gmt":"2024-02-04T09:43:43","slug":"butyriboletus-subappendiculatus","status":"publish","type":"post","link":"https:\/\/micologica-barakaldo.org\/eu\/butyriboletus-subappendiculatus\/","title":{"rendered":"Butyriboletus subappendiculatus"},"content":{"rendered":"<div class=\"fusion-fullwidth fullwidth-box fusion-builder-row-1 nonhundred-percent-fullwidth non-hundred-percent-height-scrolling\" style=\"--awb-border-radius-top-left:0px;--awb-border-radius-top-right:0px;--awb-border-radius-bottom-right:0px;--awb-border-radius-bottom-left:0px;--awb-padding-bottom:50px;--awb-flex-wrap:wrap;\" ><div class=\"fusion-builder-row fusion-row\"><div class=\"fusion-layout-column fusion_builder_column fusion-builder-column-0 fusion_builder_column_1_2 1_2 fusion-one-half fusion-column-first\" style=\"--awb-bg-size:cover;width:48%; margin-right: 4%;\"><div class=\"fusion-column-wrapper fusion-flex-column-wrapper-legacy\"><div class=\"fusion-text fusion-text-1\"><p>&nbsp;<\/p>\n<p style=\"text-align: justify;\"><span style=\"color: #000000;\"><strong><em>Butyriboletus subappendiculatus<\/em><\/strong><strong> (Dermek, Lazebn. &amp; J. Veselsk\u00fd) D. Arora &amp; J.L. Frank<\/strong>, Mycologia 106(3): 470. 2014<\/span><\/p>\n<p style=\"text-align: justify;\"><span style=\"color: #000000;\">MycoBank:\u00a0<span style=\"color: #0000ff;\"><a style=\"color: #0000ff;\" href=\"https:\/\/www.mycobank.org\/MB\/803326\" target=\"_blank\" rel=\"noopener\">803326<\/a><\/span><\/span><\/p>\n<p style=\"text-align: justify;\"><span style=\"color: #000000;\"><strong>\u00a0<\/strong>Caracteres macrosc\u00f3picos. <em>P\u00edleo<\/em> de 60-120 mm, hemisf\u00e9rico, despu\u00e9s convexo y por \u00faltimo plano convexo; margen espeso, incurvado en los ejemplares j\u00f3venes, despu\u00e9s recto, un poco excedente superficie pileica finamente aterciopelada a fibrillosa en los basidiomas m\u00e1s j\u00f3venes, despu\u00e9s lisa y mate, finamente agrietada en el disco; de color marr\u00f3n leonado claro, ocre p\u00e1lido, ocre amarillento. <em>Himen\u00f3foro<\/em> con tubos cortos, de 6-10 mm, primero adnatos, libres en los basidiomas maduros, de color amarillo vivo, pronto amarillo verdosos, despu\u00e9s verdoso claro; poros finos, muy prietos al principio, con la edad m\u00e1s anchos (hasta 0,5 mm), redondos, concolor a los tubos, no azulean a la presi\u00f3n. <em>Est\u00edpite<\/em> de 60-120 x 20-30 mm, irregular, al principio claramente claviforme, engrosado hacia la base, con la edad m\u00e1s cilindr\u00e1ceo, aunque sigue manteniendo cierto engrosamiento en la parte baja, de color amarillo vivo en la parte alta, amarillo leonado o marr\u00f3n leonado hacia la base, con zonas ocre marr\u00f3n hacia el centro; ret\u00edculo fino y prieto, en la parte alta, concolor. <em>Contexto<\/em> firme, blanda en la madurez, al corte es blanquecina, amarilla cerca de los tubos y parte alta del est\u00edpite, no azulea, ocre rojizo en el p\u00edleo cerca de las heridas de las larvas, incluso hacia la base del estipe con zonas rosa, rojo claro, ocre sucio u ocre sucio con cierta tonalidad lil\u00e1cea; sin olor ni sabor apreciable.<\/span><\/p>\n<p style=\"text-align: justify;\"><span style=\"color: #000000;\">Caracteres microsc\u00f3picos. <em>Basidi\u00f3sporas<\/em> de (10,2) 12,4 \u00b1 0,60 (13,4) \u00d7 (3,7) 4,2 \u00b1 0,20 (4,5) \u00b5m; Q = (2,7) 2,9 \u00b1 0,20 (3,4), el\u00edpticas o subfusiformes, lisas, gutuladas, con paredes espesas, amarillo-ocr\u00e1ceo. Esporada de color marr\u00f3n oliv\u00e1ceo. <em>Queilocistidios<\/em> de 30-55 \u00d7 6-12 \u00b5m, de claviformes a lageniformes, delgados, poco frecuentes. <em>Pileipellis<\/em> de tipo tricodermis, con hifas irregularmente entremezcladas, largas, cil\u00edndricas, septadas, juntas sin f\u00edbulas; elementos terminales con los art\u00edculos m\u00e1s o menos erectos, largos, claviformes o cilindr\u00e1ceos, con el \u00e1pice redondeado, de calibre 40-110 \u00d7 3-8 \u00b5m; Q = 7,5-17,5, finamente incrustados, con pigmento intracelular ocre.<\/span><\/p>\n<p style=\"text-align: justify;\"><span style=\"color: #000000;\">Ecolog\u00eda. En verano y principio de oto\u00f1o sobre todo en bosques de con\u00edferas, principalmente bajo <em>Abies alba<\/em>, tambi\u00e9n en bosques mixtos, m\u00e1s raramente en bosques de <em>Fagus sylvatica<\/em> del piso montano, en suelo neutros o ligeramente \u00e1cidos, Distribuci\u00f3n. muy raro y localizado, RR.\u00a0<\/span><\/p>\n<p style=\"text-align: justify;\"><span style=\"color: #000000;\">Citar como: MU\u00d1OZ, J. A. (2023). <em>Butyriboletus subappendiculatus<\/em> (Dermek, Lazebn. &amp; J. Veselsk\u00fd) D. Arora &amp; J.L. Frank, micol\u00f3gica-barakaldo.org [en l\u00ednea]. Fichas Micol\u00f3gicas, 742 (Actualizada el 15-IV-2023). ISSN 2660-633X. [consultado el xx\/xx\/xxx] <a style=\"color: #000000;\" href=\"https:\/\/micologica-barakaldo.org\/Butyriboletus-subappendiculatus\/\">https:\/\/micologica-barakaldo.org\/Butyriboletus-subappendiculatus\/<\/a><\/span><\/p>\n<\/div><div class=\"fusion-clearfix\"><\/div><\/div><\/div><div class=\"fusion-layout-column fusion_builder_column fusion-builder-column-1 fusion_builder_column_1_2 1_2 fusion-one-half fusion-column-last\" style=\"--awb-bg-size:cover;width:48%;\"><div class=\"fusion-column-wrapper fusion-flex-column-wrapper-legacy\"><div class=\"fusion-image-element in-legacy-container\" style=\"--awb-caption-title-font-family:var(--h2_typography-font-family);--awb-caption-title-font-weight:var(--h2_typography-font-weight);--awb-caption-title-font-style:var(--h2_typography-font-style);--awb-caption-title-size:var(--h2_typography-font-size);--awb-caption-title-transform:var(--h2_typography-text-transform);--awb-caption-title-line-height:var(--h2_typography-line-height);--awb-caption-title-letter-spacing:var(--h2_typography-letter-spacing);\"><span class=\" fusion-imageframe imageframe-none imageframe-1 hover-type-none\"><img loading=\"lazy\" decoding=\"async\" width=\"1204\" height=\"847\" title=\"Boletus subappendiculatus_20130828_13196\" src=\"https:\/\/micologica-barakaldo.org\/wp-content\/uploads\/2023\/04\/Boletus-subappendiculatus_20130828_13196.jpg\" alt class=\"img-responsive wp-image-7568\" srcset=\"https:\/\/micologica-barakaldo.org\/wp-content\/uploads\/2023\/04\/Boletus-subappendiculatus_20130828_13196-200x141.jpg 200w, https:\/\/micologica-barakaldo.org\/wp-content\/uploads\/2023\/04\/Boletus-subappendiculatus_20130828_13196-400x281.jpg 400w, https:\/\/micologica-barakaldo.org\/wp-content\/uploads\/2023\/04\/Boletus-subappendiculatus_20130828_13196-600x422.jpg 600w, https:\/\/micologica-barakaldo.org\/wp-content\/uploads\/2023\/04\/Boletus-subappendiculatus_20130828_13196-800x563.jpg 800w, https:\/\/micologica-barakaldo.org\/wp-content\/uploads\/2023\/04\/Boletus-subappendiculatus_20130828_13196-1200x844.jpg 1200w, https:\/\/micologica-barakaldo.org\/wp-content\/uploads\/2023\/04\/Boletus-subappendiculatus_20130828_13196.jpg 1204w\" sizes=\"auto, (max-width: 1024px) 100vw, 800px\" \/><\/span><\/div><div class=\"fusion-clearfix\"><\/div><\/div><\/div><div class=\"fusion-layout-column fusion_builder_column fusion-builder-column-2 fusion_builder_column_1_1 1_1 fusion-one-full fusion-column-first fusion-column-last\" style=\"--awb-padding-top:40px;--awb-bg-size:cover;\"><div class=\"fusion-column-wrapper fusion-flex-column-wrapper-legacy\"><div class=\"fusion-aligncenter\"><a class=\"fusion-button button-flat button-xlarge button-default fusion-button-default button-1 fusion-button-default-span fusion-button-default-type\" target=\"_self\" href=\"https:\/\/micologica-barakaldo.org\/wp-content\/uploads\/2023\/04\/Butyriboletus-subappendiculatus.pdf\"><i class=\"fa-file-pdf far awb-button__icon awb-button__icon--default button-icon-left\" aria-hidden=\"true\"><\/i><span class=\"fusion-button-text awb-button__text awb-button__text--default\">VER FICHA COMPLETA<\/span><\/a><\/div><div class=\"fusion-clearfix\"><\/div><\/div><\/div><\/div><\/div>\n","protected":false},"excerpt":{"rendered":"","protected":false},"author":2,"featured_media":7567,"comment_status":"open","ping_status":"closed","sticky":false,"template":"","format":"standard","meta":{"footnotes":"","jetpack_publicize_message":"","jetpack_publicize_feature_enabled":true,"jetpack_social_post_already_shared":true,"jetpack_social_options":{"image_generator_settings":{"template":"highway","default_image_id":0,"font":"","enabled":false},"version":2}},"categories":[29,6],"tags":[],"class_list":["post-7563","post","type-post","status-publish","format-standard","has-post-thumbnail","hentry","category-fichas-micologicas-setas-b","category-fichas-micologicas"],"jetpack_publicize_connections":[],"jetpack_featured_media_url":"https:\/\/micologica-barakaldo.org\/wp-content\/uploads\/2023\/04\/Boletus-subappendiculatus_20130828_13196.jpg","jetpack_shortlink":"https:\/\/wp.me\/p9dTSQ-1XZ","_links":{"self":[{"href":"https:\/\/micologica-barakaldo.org\/eu\/wp-json\/wp\/v2\/posts\/7563","targetHints":{"allow":["GET"]}}],"collection":[{"href":"https:\/\/micologica-barakaldo.org\/eu\/wp-json\/wp\/v2\/posts"}],"about":[{"href":"https:\/\/micologica-barakaldo.org\/eu\/wp-json\/wp\/v2\/types\/post"}],"author":[{"embeddable":true,"href":"https:\/\/micologica-barakaldo.org\/eu\/wp-json\/wp\/v2\/users\/2"}],"replies":[{"embeddable":true,"href":"https:\/\/micologica-barakaldo.org\/eu\/wp-json\/wp\/v2\/comments?post=7563"}],"version-history":[{"count":3,"href":"https:\/\/micologica-barakaldo.org\/eu\/wp-json\/wp\/v2\/posts\/7563\/revisions"}],"predecessor-version":[{"id":10087,"href":"https:\/\/micologica-barakaldo.org\/eu\/wp-json\/wp\/v2\/posts\/7563\/revisions\/10087"}],"wp:featuredmedia":[{"embeddable":true,"href":"https:\/\/micologica-barakaldo.org\/eu\/wp-json\/wp\/v2\/media\/7567"}],"wp:attachment":[{"href":"https:\/\/micologica-barakaldo.org\/eu\/wp-json\/wp\/v2\/media?parent=7563"}],"wp:term":[{"taxonomy":"category","embeddable":true,"href":"https:\/\/micologica-barakaldo.org\/eu\/wp-json\/wp\/v2\/categories?post=7563"},{"taxonomy":"post_tag","embeddable":true,"href":"https:\/\/micologica-barakaldo.org\/eu\/wp-json\/wp\/v2\/tags?post=7563"}],"curies":[{"name":"wp","href":"https:\/\/api.w.org\/{rel}","templated":true}]}}