{"id":763,"date":"2017-11-05T20:15:21","date_gmt":"2017-11-05T19:15:21","guid":{"rendered":"https:\/\/micologica-barakaldo.org\/?p=763"},"modified":"2020-06-24T22:04:36","modified_gmt":"2020-06-24T21:04:36","slug":"amanita-ceciliae","status":"publish","type":"post","link":"https:\/\/micologica-barakaldo.org\/eu\/amanita-ceciliae\/","title":{"rendered":"Amanita ceciliae"},"content":{"rendered":"<div class=\"fusion-fullwidth fullwidth-box fusion-builder-row-1 nonhundred-percent-fullwidth non-hundred-percent-height-scrolling\" style=\"--awb-border-radius-top-left:0px;--awb-border-radius-top-right:0px;--awb-border-radius-bottom-right:0px;--awb-border-radius-bottom-left:0px;--awb-padding-bottom:50px;--awb-flex-wrap:wrap;\" ><div class=\"fusion-builder-row fusion-row\"><div class=\"fusion-layout-column fusion_builder_column fusion-builder-column-0 fusion_builder_column_1_2 1_2 fusion-one-half fusion-column-first\" style=\"--awb-bg-size:cover;width:48%; margin-right: 4%;\"><div class=\"fusion-column-wrapper fusion-flex-column-wrapper-legacy\"><div class=\"fusion-text fusion-text-1\"><p style=\"text-align: justify;\">\u2261<em>Amanitopsis ceciliae<\/em>\u00a0(Berk. &amp; Broome) Wasser,\u00a0Flora Gribov Ukrainy, Bazidiomitsety. Amanital&#8217;nye Griby (Kiev): 144. 1992<\/p>\n<p style=\"text-align: justify;\"><strong>=<\/strong><em>Amanita inaurata<\/em>\u00a0Secr. ex Gillet,\u00a0Hym\u00e9nomyc\u00e8tes\u00a0(Alen\u00e7on): 41. 1874 [1878]<\/p>\n<p style=\"text-align: justify;\"><em>Caracteres macrosc\u00f3picos<\/em>. P\u00edleo de hasta 150 mm de di\u00e1metro, al principio ovoide acampanado, despu\u00e9s plano convexo ligeramente umbonado en el centro; margen obtuso y claramente estriado. Superficie un poco viscosa, separable; de color amarillo pardo, amarillo-pardo-oliv\u00e1ceo; con placas o restos del velo general de color gris a gris-ceniza. L\u00e1minas apretadas, libres, blancas o gris\u00e1ceas. Est\u00edpite de hasta 200 x 25 mm, primero robusto, despu\u00e9s esbelto, m\u00e1s grueso en la base; de blanquecino a gris\u00e1ceo, cubierto de finas escamas dispuestas en zigzag, hacia la base, el velo general queda reducido a bandas anulares de color gris. Contexto blanco fr\u00e1gil; sin sabor ni olor especial.<\/p>\n<p style=\"text-align: justify;\"><em>Caracteres microsc\u00f3picos<\/em>. Basidi\u00f3sporas de 10,5-14,0 x 11,0-14,0 \u00b5m \/ Q = 1,0-1,1; esf\u00e9ricas a subesf\u00e9ricas, lisas, hialinas. Esporada blanca. Basidios de hasta 60 x 15 \u00b5m, tetrasp\u00f3ricos, claviformes. Elementos del velo constituido mayoritariamente por esferocistos de hasta x50 \u00b5m.<\/p>\n<p style=\"text-align: justify;\"><em>Ecolog\u00eda<\/em>. En verano y oto\u00f1o, en bosques y claros, especialmente de frondosas, sobre todo robles (<em>Quercus<\/em>) y hayas (<em>Fagus<\/em>). <em>Distribuci\u00f3n<\/em>. Poco com\u00fan<em>.\u00a0<\/em><\/p>\n<\/div><div class=\"fusion-clearfix\"><\/div><\/div><\/div><div class=\"fusion-layout-column fusion_builder_column fusion-builder-column-1 fusion_builder_column_1_2 1_2 fusion-one-half fusion-column-last\" style=\"--awb-bg-size:cover;width:48%;\"><div class=\"fusion-column-wrapper fusion-flex-column-wrapper-legacy\"><div class=\"fusion-image-element in-legacy-container\" style=\"--awb-caption-title-font-family:var(--h2_typography-font-family);--awb-caption-title-font-weight:var(--h2_typography-font-weight);--awb-caption-title-font-style:var(--h2_typography-font-style);--awb-caption-title-size:var(--h2_typography-font-size);--awb-caption-title-transform:var(--h2_typography-text-transform);--awb-caption-title-line-height:var(--h2_typography-line-height);--awb-caption-title-letter-spacing:var(--h2_typography-letter-spacing);\"><span class=\" fusion-imageframe imageframe-none imageframe-1 hover-type-none\"><img loading=\"lazy\" decoding=\"async\" width=\"1204\" height=\"814\" title=\"Amanita ceciliae_20130828_13200\" src=\"https:\/\/micologica-barakaldo.org\/wp-content\/uploads\/2020\/06\/Amanita-ceciliae_20130828_13200-1.jpg\" alt class=\"img-responsive wp-image-8671\" srcset=\"https:\/\/micologica-barakaldo.org\/wp-content\/uploads\/2020\/06\/Amanita-ceciliae_20130828_13200-1-200x135.jpg 200w, https:\/\/micologica-barakaldo.org\/wp-content\/uploads\/2020\/06\/Amanita-ceciliae_20130828_13200-1-400x270.jpg 400w, https:\/\/micologica-barakaldo.org\/wp-content\/uploads\/2020\/06\/Amanita-ceciliae_20130828_13200-1-600x406.jpg 600w, https:\/\/micologica-barakaldo.org\/wp-content\/uploads\/2020\/06\/Amanita-ceciliae_20130828_13200-1-800x541.jpg 800w, https:\/\/micologica-barakaldo.org\/wp-content\/uploads\/2020\/06\/Amanita-ceciliae_20130828_13200-1-1200x811.jpg 1200w, https:\/\/micologica-barakaldo.org\/wp-content\/uploads\/2020\/06\/Amanita-ceciliae_20130828_13200-1.jpg 1204w\" sizes=\"auto, (max-width: 1024px) 100vw, 800px\" \/><\/span><\/div><div class=\"fusion-clearfix\"><\/div><\/div><\/div><div class=\"fusion-layout-column fusion_builder_column fusion-builder-column-2 fusion_builder_column_1_1 1_1 fusion-one-full fusion-column-first fusion-column-last\" style=\"--awb-padding-top:40px;--awb-bg-size:cover;\"><div class=\"fusion-column-wrapper fusion-flex-column-wrapper-legacy\"><div class=\"fusion-aligncenter\"><a class=\"fusion-button button-flat button-xlarge button-default fusion-button-default button-1 fusion-button-default-span fusion-button-default-type\" target=\"_self\" href=\"https:\/\/micologica-barakaldo.org\/wp-content\/uploads\/2020\/06\/Amanita-ceciliae.pdf\"><i class=\" fa fa-file-pdf-o awb-button__icon awb-button__icon--default button-icon-left\" aria-hidden=\"true\"><\/i><span class=\"fusion-button-text awb-button__text awb-button__text--default\">VER FICHA COMPLETA<\/span><\/a><\/div><div class=\"fusion-clearfix\"><\/div><\/div><\/div><\/div><\/div>\n","protected":false},"excerpt":{"rendered":"","protected":false},"author":2,"featured_media":3756,"comment_status":"open","ping_status":"closed","sticky":false,"template":"","format":"standard","meta":{"footnotes":"","jetpack_publicize_message":"","jetpack_publicize_feature_enabled":true,"jetpack_social_post_already_shared":true,"jetpack_social_options":{"image_generator_settings":{"template":"highway","default_image_id":0,"font":"","enabled":false},"version":2}},"categories":[28,6],"tags":[],"class_list":["post-763","post","type-post","status-publish","format-standard","has-post-thumbnail","hentry","category-fichas-micologicas-setas-a","category-fichas-micologicas"],"jetpack_publicize_connections":[],"jetpack_featured_media_url":"https:\/\/micologica-barakaldo.org\/wp-content\/uploads\/2020\/06\/Amanita-ceciliae_20130828_13200-1.jpg","jetpack_shortlink":"https:\/\/wp.me\/p9dTSQ-cj","_links":{"self":[{"href":"https:\/\/micologica-barakaldo.org\/eu\/wp-json\/wp\/v2\/posts\/763","targetHints":{"allow":["GET"]}}],"collection":[{"href":"https:\/\/micologica-barakaldo.org\/eu\/wp-json\/wp\/v2\/posts"}],"about":[{"href":"https:\/\/micologica-barakaldo.org\/eu\/wp-json\/wp\/v2\/types\/post"}],"author":[{"embeddable":true,"href":"https:\/\/micologica-barakaldo.org\/eu\/wp-json\/wp\/v2\/users\/2"}],"replies":[{"embeddable":true,"href":"https:\/\/micologica-barakaldo.org\/eu\/wp-json\/wp\/v2\/comments?post=763"}],"version-history":[{"count":3,"href":"https:\/\/micologica-barakaldo.org\/eu\/wp-json\/wp\/v2\/posts\/763\/revisions"}],"predecessor-version":[{"id":3759,"href":"https:\/\/micologica-barakaldo.org\/eu\/wp-json\/wp\/v2\/posts\/763\/revisions\/3759"}],"wp:featuredmedia":[{"embeddable":true,"href":"https:\/\/micologica-barakaldo.org\/eu\/wp-json\/wp\/v2\/media\/3756"}],"wp:attachment":[{"href":"https:\/\/micologica-barakaldo.org\/eu\/wp-json\/wp\/v2\/media?parent=763"}],"wp:term":[{"taxonomy":"category","embeddable":true,"href":"https:\/\/micologica-barakaldo.org\/eu\/wp-json\/wp\/v2\/categories?post=763"},{"taxonomy":"post_tag","embeddable":true,"href":"https:\/\/micologica-barakaldo.org\/eu\/wp-json\/wp\/v2\/tags?post=763"}],"curies":[{"name":"wp","href":"https:\/\/api.w.org\/{rel}","templated":true}]}}