{"id":7839,"date":"2023-09-16T12:56:22","date_gmt":"2023-09-16T11:56:22","guid":{"rendered":"https:\/\/micologica-barakaldo.org\/?p=7839"},"modified":"2023-09-16T12:56:22","modified_gmt":"2023-09-16T11:56:22","slug":"xlvii-semana-micologica-de-barakaldo","status":"publish","type":"post","link":"https:\/\/micologica-barakaldo.org\/eu\/xlvii-semana-micologica-de-barakaldo\/","title":{"rendered":"XLVII SEMANA MICOLOGICA DE BARAKALDO"},"content":{"rendered":"<p><img loading=\"lazy\" decoding=\"async\" class=\" wp-image-7837 aligncenter\" src=\"https:\/\/micologica-barakaldo.org\/wp-content\/uploads\/2023\/09\/WhatsApp-Image-2023-09-11-at-22.13.22-800x1131.jpeg\" alt=\"\" width=\"796\" height=\"1125\" srcset=\"https:\/\/micologica-barakaldo.org\/wp-content\/uploads\/2023\/09\/WhatsApp-Image-2023-09-11-at-22.13.22-200x283.jpeg 200w, https:\/\/micologica-barakaldo.org\/wp-content\/uploads\/2023\/09\/WhatsApp-Image-2023-09-11-at-22.13.22-212x300.jpeg 212w, https:\/\/micologica-barakaldo.org\/wp-content\/uploads\/2023\/09\/WhatsApp-Image-2023-09-11-at-22.13.22-400x565.jpeg 400w, https:\/\/micologica-barakaldo.org\/wp-content\/uploads\/2023\/09\/WhatsApp-Image-2023-09-11-at-22.13.22-600x848.jpeg 600w, https:\/\/micologica-barakaldo.org\/wp-content\/uploads\/2023\/09\/WhatsApp-Image-2023-09-11-at-22.13.22-768x1086.jpeg 768w, https:\/\/micologica-barakaldo.org\/wp-content\/uploads\/2023\/09\/WhatsApp-Image-2023-09-11-at-22.13.22-800x1131.jpeg 800w, https:\/\/micologica-barakaldo.org\/wp-content\/uploads\/2023\/09\/WhatsApp-Image-2023-09-11-at-22.13.22-1087x1536.jpeg 1087w, https:\/\/micologica-barakaldo.org\/wp-content\/uploads\/2023\/09\/WhatsApp-Image-2023-09-11-at-22.13.22.jpeg 1132w\" sizes=\"auto, (max-width: 796px) 100vw, 796px\" \/><\/p>\n<p>&nbsp;<\/p>\n<p>Otra vez estamos aqu\u00ed, al comienzo de un nuevo curso y como siempre queremos presentaros nuestra Semana Micol\u00f3gica, que este a\u00f1o cumple su XLVII Edici\u00f3n.<\/p>\n<p>Se celebrar\u00e1 del <strong>2 al 8 de octubre<\/strong> y constar\u00e1 de una Mesa redonda, a cargo de miembros de la Sociedad, para hablar de\u00a0 <strong>\u201cLas Setas ante el reto del cambio clim\u00e1tico y la Regulaci\u00f3n\u201d<\/strong>, en el Centro C\u00edvico Clara Campoamor de Barakaldo, de <strong>19 a 20:30 horas<\/strong>.<\/p>\n<p>Tambi\u00e9n se realizar\u00e1 una salida el <strong>s\u00e1bado 7 de octubre<\/strong> para la recolecci\u00f3n de setas y su posterior clasificaci\u00f3n en los locales de la Sociedad, Parque Antonio Trueba, 1 Biblioteca Central (s\u00f3tano) 48902 Barakaldo (Bizkaia).\u00a0 Os animamos a que por vuestra cuenta visit\u00e9is vuestros sitios favoritos y nos traig\u00e1is los ejemplares recogidos el s\u00e1bado por la tarde a nuestros locales. Os recordamos que es suficiente con\u00a0 4 o 5 ejemplares de cada especie, en buen estado y ,si es posible, envueltos en papel de aluminio para su mejor conservaci\u00f3n. Por supuesto, utilizad cestas y no bolsas de pl\u00e1stico.<\/p>\n<p>Por \u00faltimo, celebraremos la <strong>XLVI Exposici\u00f3n Micol\u00f3gica<\/strong> el \u00a0<strong>domingo 8 de octubre<\/strong> en la Herriko Plaza de Barakaldo.<\/p>\n<p>En cuanto a la situaci\u00f3n de los h\u00e1bitats donde podemos recoger setas, las \u00faltimas lluvias, negativas en algunos casos por su car\u00e1cter torrencial y su poder destructivo, prometen de momento una buena temporada. Esperemos que las previsiones se cumplan y tengamos un oto\u00f1o m\u00e1s lluvioso de lo normal, de manera que para la Semana Micol\u00f3gica nuestros montes est\u00e9n plagados de especies micol\u00f3gicas, garantizando una exposici\u00f3n a\u00fan mejor que la de a\u00f1os anteriores.<\/p>\n<p>Estad atentos a nuestro blog. Hasta pronto<\/p>\n","protected":false},"excerpt":{"rendered":"<p>&nbsp; Otra vez estamos aqu\u00ed, al comienzo de un nuevo curso y como siempre queremos  [&#8230;]<\/p>\n","protected":false},"author":3,"featured_media":7837,"comment_status":"open","ping_status":"closed","sticky":false,"template":"","format":"standard","meta":{"footnotes":"","jetpack_publicize_message":"","jetpack_publicize_feature_enabled":true,"jetpack_social_post_already_shared":true,"jetpack_social_options":{"image_generator_settings":{"template":"highway","default_image_id":0,"font":"","enabled":false},"version":2}},"categories":[25,7,55,1],"tags":[],"class_list":["post-7839","post","type-post","status-publish","format-standard","has-post-thumbnail","hentry","category-actividades","category-blog","category-semana-micologica-asociacion-setas","category-sin-categorizar"],"jetpack_publicize_connections":[],"jetpack_featured_media_url":"https:\/\/micologica-barakaldo.org\/wp-content\/uploads\/2023\/09\/WhatsApp-Image-2023-09-11-at-22.13.22.jpeg","jetpack_shortlink":"https:\/\/wp.me\/p9dTSQ-22r","_links":{"self":[{"href":"https:\/\/micologica-barakaldo.org\/eu\/wp-json\/wp\/v2\/posts\/7839","targetHints":{"allow":["GET"]}}],"collection":[{"href":"https:\/\/micologica-barakaldo.org\/eu\/wp-json\/wp\/v2\/posts"}],"about":[{"href":"https:\/\/micologica-barakaldo.org\/eu\/wp-json\/wp\/v2\/types\/post"}],"author":[{"embeddable":true,"href":"https:\/\/micologica-barakaldo.org\/eu\/wp-json\/wp\/v2\/users\/3"}],"replies":[{"embeddable":true,"href":"https:\/\/micologica-barakaldo.org\/eu\/wp-json\/wp\/v2\/comments?post=7839"}],"version-history":[{"count":1,"href":"https:\/\/micologica-barakaldo.org\/eu\/wp-json\/wp\/v2\/posts\/7839\/revisions"}],"predecessor-version":[{"id":7840,"href":"https:\/\/micologica-barakaldo.org\/eu\/wp-json\/wp\/v2\/posts\/7839\/revisions\/7840"}],"wp:featuredmedia":[{"embeddable":true,"href":"https:\/\/micologica-barakaldo.org\/eu\/wp-json\/wp\/v2\/media\/7837"}],"wp:attachment":[{"href":"https:\/\/micologica-barakaldo.org\/eu\/wp-json\/wp\/v2\/media?parent=7839"}],"wp:term":[{"taxonomy":"category","embeddable":true,"href":"https:\/\/micologica-barakaldo.org\/eu\/wp-json\/wp\/v2\/categories?post=7839"},{"taxonomy":"post_tag","embeddable":true,"href":"https:\/\/micologica-barakaldo.org\/eu\/wp-json\/wp\/v2\/tags?post=7839"}],"curies":[{"name":"wp","href":"https:\/\/api.w.org\/{rel}","templated":true}]}}