{"id":971,"date":"2017-11-09T18:27:19","date_gmt":"2017-11-09T17:27:19","guid":{"rendered":"https:\/\/micologica-barakaldo.org\/?p=971"},"modified":"2020-06-22T22:17:37","modified_gmt":"2020-06-22T21:17:37","slug":"agrocybe-vervacti","status":"publish","type":"post","link":"https:\/\/micologica-barakaldo.org\/eu\/agrocybe-vervacti\/","title":{"rendered":"Agrocybe vervacti"},"content":{"rendered":"<div class=\"fusion-fullwidth fullwidth-box fusion-builder-row-1 nonhundred-percent-fullwidth non-hundred-percent-height-scrolling\" style=\"--awb-border-radius-top-left:0px;--awb-border-radius-top-right:0px;--awb-border-radius-bottom-right:0px;--awb-border-radius-bottom-left:0px;--awb-padding-bottom:50px;--awb-flex-wrap:wrap;\" ><div class=\"fusion-builder-row fusion-row\"><div class=\"fusion-layout-column fusion_builder_column fusion-builder-column-0 fusion_builder_column_1_2 1_2 fusion-one-half fusion-column-first\" style=\"--awb-bg-size:cover;width:48%; margin-right: 4%;\"><div class=\"fusion-column-wrapper fusion-flex-column-wrapper-legacy\"><div class=\"fusion-text fusion-text-1\"><p style=\"text-align: justify;\">\u2261<em>Agaricus vervacti<\/em>\u00a0Fr.,\u00a0Syst. mycol<em>.<\/em>\u00a0(Lundae)\u00a01: 263. 1821 [basion.]<\/p>\n<p style=\"text-align: justify;\">\u2261<em>Agrocybe pediades<\/em> var. <em>vervacti<\/em>\u00a0(Fr.) Singer,\u00a0Trudy Bot. Inst. Akad. Nauk SSSR, ser. 2, Sporov. Rast.\u00a06: 547. 1950<\/p>\n<p style=\"text-align: justify;\"><em>Caracteres macrosc\u00f3picos<\/em>. P\u00edleo de hasta 30 mm de di\u00e1metro, primero convexo despu\u00e9s plano convexo a aplanado. Superficie lisa, seca, mate; de color amarillo ocre m\u00e1s o menos oscuro a ocre leonado, m\u00e1s claro hacia el borde. L\u00e1minas medianamente apretadas, adnatas, de color, primero blanquecino beige, despu\u00e9s gris marr\u00f3n y finalmente marrones. Est\u00edpite de hasta 60 x 5 mm, blanco crema o blanco p\u00e1lido, glabrescente, finamente fibrilloso en la parte superior. Contexto escaso, olor y sabor no harinoso.<\/p>\n<p style=\"text-align: justify;\"><em>Caracteres microsc\u00f3picos<\/em>. Basidi\u00f3sporas de 7,5-8,5 x 4,2-5,7 \u00b5m \/ Q = 1,5-1,8; de el\u00edpticas a ovoides, sin poro germinativo, marrones. Esporada de color ocre marr\u00f3n. Queilocistidios de 25-50 x 6-12 \u00b5m, lageniformes, con cuello largo y estrecho. Pileipellis con elementos himeniformes, clavados o globosos de hasta 30 x 20 \u00b5m, con algunos pileocistidios de hasta 35&#215;12 \u00b5m.<\/p>\n<p style=\"text-align: justify;\"><em>Ecolog\u00eda<\/em>. En oto\u00f1o en invierno, en zonas herbosas, bordes de camino, prados, en zonas arenosas. <em>Distribuci\u00f3n<\/em>. Muy raro.<\/p>\n<p>&nbsp;<\/p>\n<\/div><div class=\"fusion-clearfix\"><\/div><\/div><\/div><div class=\"fusion-layout-column fusion_builder_column fusion-builder-column-1 fusion_builder_column_1_2 1_2 fusion-one-half fusion-column-last\" style=\"--awb-bg-size:cover;width:48%;\"><div class=\"fusion-column-wrapper fusion-flex-column-wrapper-legacy\"><div class=\"fusion-image-element in-legacy-container\" style=\"--awb-caption-title-font-family:var(--h2_typography-font-family);--awb-caption-title-font-weight:var(--h2_typography-font-weight);--awb-caption-title-font-style:var(--h2_typography-font-style);--awb-caption-title-size:var(--h2_typography-font-size);--awb-caption-title-transform:var(--h2_typography-text-transform);--awb-caption-title-line-height:var(--h2_typography-line-height);--awb-caption-title-letter-spacing:var(--h2_typography-letter-spacing);\"><span class=\" fusion-imageframe imageframe-none imageframe-1 hover-type-none\"><img loading=\"lazy\" decoding=\"async\" width=\"1204\" height=\"849\" title=\"Agrocybe vervacti_20021226_001\" src=\"https:\/\/micologica-barakaldo.org\/wp-content\/uploads\/2020\/06\/Agrocybe-vervacti_20021226_001.jpg\" alt class=\"img-responsive wp-image-8662\" srcset=\"https:\/\/micologica-barakaldo.org\/wp-content\/uploads\/2020\/06\/Agrocybe-vervacti_20021226_001-200x141.jpg 200w, https:\/\/micologica-barakaldo.org\/wp-content\/uploads\/2020\/06\/Agrocybe-vervacti_20021226_001-400x282.jpg 400w, https:\/\/micologica-barakaldo.org\/wp-content\/uploads\/2020\/06\/Agrocybe-vervacti_20021226_001-600x423.jpg 600w, https:\/\/micologica-barakaldo.org\/wp-content\/uploads\/2020\/06\/Agrocybe-vervacti_20021226_001-800x564.jpg 800w, https:\/\/micologica-barakaldo.org\/wp-content\/uploads\/2020\/06\/Agrocybe-vervacti_20021226_001-1200x846.jpg 1200w, https:\/\/micologica-barakaldo.org\/wp-content\/uploads\/2020\/06\/Agrocybe-vervacti_20021226_001.jpg 1204w\" sizes=\"auto, (max-width: 1024px) 100vw, 800px\" \/><\/span><\/div><div class=\"fusion-clearfix\"><\/div><\/div><\/div><div class=\"fusion-layout-column fusion_builder_column fusion-builder-column-2 fusion_builder_column_1_1 1_1 fusion-one-full fusion-column-first fusion-column-last\" style=\"--awb-padding-top:40px;--awb-bg-size:cover;\"><div class=\"fusion-column-wrapper fusion-flex-column-wrapper-legacy\"><div class=\"fusion-aligncenter\"><a class=\"fusion-button button-flat button-xlarge button-default fusion-button-default button-1 fusion-button-default-span fusion-button-default-type\" target=\"_self\" href=\"https:\/\/micologica-barakaldo.org\/wp-content\/uploads\/2020\/06\/Agrocybe-vervacti.pdf\"><i class=\" fa fa-file-pdf-o awb-button__icon awb-button__icon--default button-icon-left\" aria-hidden=\"true\"><\/i><span class=\"fusion-button-text awb-button__text awb-button__text--default\">VER FICHA COMPLETA<\/span><\/a><\/div><div class=\"fusion-clearfix\"><\/div><\/div><\/div><\/div><\/div>\n","protected":false},"excerpt":{"rendered":"","protected":false},"author":2,"featured_media":3739,"comment_status":"open","ping_status":"closed","sticky":false,"template":"","format":"standard","meta":{"footnotes":"","jetpack_publicize_message":"","jetpack_publicize_feature_enabled":true,"jetpack_social_post_already_shared":true,"jetpack_social_options":{"image_generator_settings":{"template":"highway","default_image_id":0,"font":"","enabled":false},"version":2}},"categories":[28,6],"tags":[],"class_list":["post-971","post","type-post","status-publish","format-standard","has-post-thumbnail","hentry","category-fichas-micologicas-setas-a","category-fichas-micologicas"],"jetpack_publicize_connections":[],"jetpack_featured_media_url":"https:\/\/micologica-barakaldo.org\/wp-content\/uploads\/2020\/06\/Agrocybe-vervacti_20021226_001.jpg","jetpack_shortlink":"https:\/\/wp.me\/p9dTSQ-fF","_links":{"self":[{"href":"https:\/\/micologica-barakaldo.org\/eu\/wp-json\/wp\/v2\/posts\/971","targetHints":{"allow":["GET"]}}],"collection":[{"href":"https:\/\/micologica-barakaldo.org\/eu\/wp-json\/wp\/v2\/posts"}],"about":[{"href":"https:\/\/micologica-barakaldo.org\/eu\/wp-json\/wp\/v2\/types\/post"}],"author":[{"embeddable":true,"href":"https:\/\/micologica-barakaldo.org\/eu\/wp-json\/wp\/v2\/users\/2"}],"replies":[{"embeddable":true,"href":"https:\/\/micologica-barakaldo.org\/eu\/wp-json\/wp\/v2\/comments?post=971"}],"version-history":[{"count":5,"href":"https:\/\/micologica-barakaldo.org\/eu\/wp-json\/wp\/v2\/posts\/971\/revisions"}],"predecessor-version":[{"id":3743,"href":"https:\/\/micologica-barakaldo.org\/eu\/wp-json\/wp\/v2\/posts\/971\/revisions\/3743"}],"wp:featuredmedia":[{"embeddable":true,"href":"https:\/\/micologica-barakaldo.org\/eu\/wp-json\/wp\/v2\/media\/3739"}],"wp:attachment":[{"href":"https:\/\/micologica-barakaldo.org\/eu\/wp-json\/wp\/v2\/media?parent=971"}],"wp:term":[{"taxonomy":"category","embeddable":true,"href":"https:\/\/micologica-barakaldo.org\/eu\/wp-json\/wp\/v2\/categories?post=971"},{"taxonomy":"post_tag","embeddable":true,"href":"https:\/\/micologica-barakaldo.org\/eu\/wp-json\/wp\/v2\/tags?post=971"}],"curies":[{"name":"wp","href":"https:\/\/api.w.org\/{rel}","templated":true}]}}