{"id":9813,"date":"2023-12-18T22:23:48","date_gmt":"2023-12-18T21:23:48","guid":{"rendered":"https:\/\/micologica-barakaldo.org\/?p=9813"},"modified":"2023-12-18T22:23:48","modified_gmt":"2023-12-18T21:23:48","slug":"cortinarius-eufulmineus","status":"publish","type":"post","link":"https:\/\/micologica-barakaldo.org\/eu\/cortinarius-eufulmineus\/","title":{"rendered":"Cortinarius eufulmineus"},"content":{"rendered":"<div class=\"fusion-fullwidth fullwidth-box fusion-builder-row-1 nonhundred-percent-fullwidth non-hundred-percent-height-scrolling\" style=\"--awb-border-radius-top-left:0px;--awb-border-radius-top-right:0px;--awb-border-radius-bottom-right:0px;--awb-border-radius-bottom-left:0px;--awb-padding-bottom:50px;--awb-flex-wrap:wrap;\" ><div class=\"fusion-builder-row fusion-row\"><div class=\"fusion-layout-column fusion_builder_column fusion-builder-column-0 fusion_builder_column_1_2 1_2 fusion-one-half fusion-column-first\" style=\"--awb-bg-size:cover;width:48%; margin-right: 4%;\"><div class=\"fusion-column-wrapper fusion-flex-column-wrapper-legacy\"><div class=\"fusion-text fusion-text-1\"><p>&nbsp;<\/p>\n<p style=\"text-align: justify;\"><strong><em>Cortinarius eufulmineus<\/em><\/strong><strong> Rob. Henry<\/strong>, Bulletin de la Soci\u00e9t\u00e9 Mycologique de France 67 (3): 306. 1952<\/p>\n<p style=\"text-align: justify;\">MycoBank: <a href=\"https:\/\/www.mycobank.org\/MB\/295853\">\u00a0<span style=\"color: #3366ff;\">295853<\/span><\/a><\/p>\n<p style=\"text-align: justify;\"><span style=\"color: #000000;\">Caracteres macrosc\u00f3picos. <em>P\u00edleo<\/em> de 60-120 mm de di\u00e1metro, primero hemisf\u00e9rico, despu\u00e9s convexo, finalmente plano convexo a extendido; margen regular, involuto, pronto extendido, un poco excedente; superficie pileica brillante, viscosa en tiempo h\u00famedo, mate y seca en tiempo seco, con abundantes restos de velo general con placas m\u00e1s o menos amplias de color marr\u00f3n-cobrizo, sobre un fondo, ocre-amarillo, amarillo-naranja, marr\u00f3n cobrizo en el disco. <em>L\u00e1minas<\/em> apretadas, hasta 7 mm de anchura, adnato-emarginadas, desiguales, con numerosas lam\u00e9lulas, de color primero amarillo claro, ocre ferruginoso en la madurez; arista irregular y concolor. <em>Est\u00edpite<\/em> de 70-100 \u00d7 20-40 mm, pleno firme, provisto de bulbo marginado de hasta 60 mm, fibrilloso, amarillo citrino con el reborde del bulbo pardo-rojizo; cortina abundante, fugaz, amarillo claro. <em>Contexto<\/em> espeso, fibrilloso, amarillo claro al contacto con el aire; con olor y sabor poco apreciable. Reacciones macroqu\u00edmicas: KOH + Pileipellis = marr\u00f3n-rojizo.<\/span><\/p>\n<p style=\"text-align: justify;\"><span style=\"color: #000000;\">Caracteres microsc\u00f3picos. <em>Basidi\u00f3sporas <\/em>de (11,8) 12,9 \u00b1 0,62 (14,0) \u00d7 (6,5) 7,4 \u00b1 0,45 (8,2) \u03bcm; Q = (1,6) 1,7 \u00b1 0,13 (2,1); amigdaliformes, papilladas o subcitriformes, con densas y anchas verrugas maculiformes. De color amarillo leonado en potasa al 2%. Esporada marr\u00f3n ferruginoso. <em>Pileipellis <\/em>filamentosa, gelificada, con hifas entremezcladas de hasta \u00d76\u00b5m, cil\u00edndricas, septadas, juntas con f\u00edbulas.<\/span><\/p>\n<p style=\"text-align: justify;\"><span style=\"color: #000000;\"><em>Ecolog\u00eda.<\/em> En verano y oto\u00f1o, en bosques de frondosas y de con\u00edferas, en suelos b\u00e1sicos. <em>Distribuci\u00f3n<\/em>. Poco frecuente, R. <em>Fotograf\u00eda<\/em>. Jos\u00e9 A. Mu\u00f1oz S\u00e1nchez.<\/span><\/p>\n<p style=\"text-align: justify;\"><span style=\"color: #000000;\">Citar como: MU\u00d1OZ, J. A. (2023). <em>Cortinarius eufulmineus<\/em> Rob. Henry, micol\u00f3gica-barakaldo.org [en l\u00ednea]. Fichas Micol\u00f3gicas, 800 (Actualizada el 19-XII-2023). ISSN 2660-633X. [consultado el xx\/xx\/xxx] <a style=\"color: #000000;\" href=\"https:\/\/micologica-barakaldo.org\/Cortinarius-eufulmineus\/\">https:\/\/micologica-barakaldo.org\/Cortinarius-eufulmineus\/<\/a><\/span><\/p>\n<\/div><div class=\"fusion-clearfix\"><\/div><\/div><\/div><div class=\"fusion-layout-column fusion_builder_column fusion-builder-column-1 fusion_builder_column_1_2 1_2 fusion-one-half fusion-column-last\" style=\"--awb-bg-size:cover;width:48%;\"><div class=\"fusion-column-wrapper fusion-flex-column-wrapper-legacy\"><div class=\"fusion-image-element in-legacy-container\" style=\"--awb-caption-title-font-family:var(--h2_typography-font-family);--awb-caption-title-font-weight:var(--h2_typography-font-weight);--awb-caption-title-font-style:var(--h2_typography-font-style);--awb-caption-title-size:var(--h2_typography-font-size);--awb-caption-title-transform:var(--h2_typography-text-transform);--awb-caption-title-line-height:var(--h2_typography-line-height);--awb-caption-title-letter-spacing:var(--h2_typography-letter-spacing);\"><span class=\" fusion-imageframe imageframe-none imageframe-1 hover-type-none\"><img loading=\"lazy\" decoding=\"async\" width=\"1204\" height=\"835\" title=\"Cortinarius eufulmineus_20231119_7859\" src=\"https:\/\/micologica-barakaldo.org\/wp-content\/uploads\/2023\/12\/Cortinarius-eufulmineus_20231119_7859.jpg\" alt class=\"img-responsive wp-image-9812\" srcset=\"https:\/\/micologica-barakaldo.org\/wp-content\/uploads\/2023\/12\/Cortinarius-eufulmineus_20231119_7859-200x139.jpg 200w, https:\/\/micologica-barakaldo.org\/wp-content\/uploads\/2023\/12\/Cortinarius-eufulmineus_20231119_7859-400x277.jpg 400w, https:\/\/micologica-barakaldo.org\/wp-content\/uploads\/2023\/12\/Cortinarius-eufulmineus_20231119_7859-600x416.jpg 600w, https:\/\/micologica-barakaldo.org\/wp-content\/uploads\/2023\/12\/Cortinarius-eufulmineus_20231119_7859-800x555.jpg 800w, https:\/\/micologica-barakaldo.org\/wp-content\/uploads\/2023\/12\/Cortinarius-eufulmineus_20231119_7859-1200x832.jpg 1200w, https:\/\/micologica-barakaldo.org\/wp-content\/uploads\/2023\/12\/Cortinarius-eufulmineus_20231119_7859.jpg 1204w\" sizes=\"auto, (max-width: 1024px) 100vw, 800px\" \/><\/span><\/div><div class=\"fusion-clearfix\"><\/div><\/div><\/div><div class=\"fusion-layout-column fusion_builder_column fusion-builder-column-2 fusion_builder_column_1_1 1_1 fusion-one-full fusion-column-first fusion-column-last\" style=\"--awb-padding-top:40px;--awb-bg-size:cover;\"><div class=\"fusion-column-wrapper fusion-flex-column-wrapper-legacy\"><div class=\"fusion-aligncenter\"><a class=\"fusion-button button-flat button-xlarge button-default fusion-button-default button-1 fusion-button-default-span fusion-button-default-type\" target=\"_self\" href=\"https:\/\/micologica-barakaldo.org\/wp-content\/uploads\/2023\/12\/cortinarius-eufulmineus.pdf\"><i class=\"fa-file-pdf far awb-button__icon awb-button__icon--default button-icon-left\" aria-hidden=\"true\"><\/i><span class=\"fusion-button-text awb-button__text awb-button__text--default\">VER FICHA COMPLETA<\/span><\/a><\/div><div class=\"fusion-clearfix\"><\/div><\/div><\/div><\/div><\/div>\n","protected":false},"excerpt":{"rendered":"","protected":false},"author":2,"featured_media":9811,"comment_status":"open","ping_status":"closed","sticky":false,"template":"","format":"standard","meta":{"footnotes":"","jetpack_publicize_message":"","jetpack_publicize_feature_enabled":true,"jetpack_social_post_already_shared":true,"jetpack_social_options":{"image_generator_settings":{"template":"highway","default_image_id":0,"font":"","enabled":false},"version":2}},"categories":[30,6],"tags":[],"class_list":["post-9813","post","type-post","status-publish","format-standard","has-post-thumbnail","hentry","category-fichas-micologicas-setas-c","category-fichas-micologicas"],"jetpack_publicize_connections":[],"jetpack_featured_media_url":"https:\/\/micologica-barakaldo.org\/wp-content\/uploads\/2023\/12\/Cortinarius-eufulmineus_20231119_7859.jpg","jetpack_shortlink":"https:\/\/wp.me\/p9dTSQ-2yh","_links":{"self":[{"href":"https:\/\/micologica-barakaldo.org\/eu\/wp-json\/wp\/v2\/posts\/9813","targetHints":{"allow":["GET"]}}],"collection":[{"href":"https:\/\/micologica-barakaldo.org\/eu\/wp-json\/wp\/v2\/posts"}],"about":[{"href":"https:\/\/micologica-barakaldo.org\/eu\/wp-json\/wp\/v2\/types\/post"}],"author":[{"embeddable":true,"href":"https:\/\/micologica-barakaldo.org\/eu\/wp-json\/wp\/v2\/users\/2"}],"replies":[{"embeddable":true,"href":"https:\/\/micologica-barakaldo.org\/eu\/wp-json\/wp\/v2\/comments?post=9813"}],"version-history":[{"count":1,"href":"https:\/\/micologica-barakaldo.org\/eu\/wp-json\/wp\/v2\/posts\/9813\/revisions"}],"predecessor-version":[{"id":9814,"href":"https:\/\/micologica-barakaldo.org\/eu\/wp-json\/wp\/v2\/posts\/9813\/revisions\/9814"}],"wp:featuredmedia":[{"embeddable":true,"href":"https:\/\/micologica-barakaldo.org\/eu\/wp-json\/wp\/v2\/media\/9811"}],"wp:attachment":[{"href":"https:\/\/micologica-barakaldo.org\/eu\/wp-json\/wp\/v2\/media?parent=9813"}],"wp:term":[{"taxonomy":"category","embeddable":true,"href":"https:\/\/micologica-barakaldo.org\/eu\/wp-json\/wp\/v2\/categories?post=9813"},{"taxonomy":"post_tag","embeddable":true,"href":"https:\/\/micologica-barakaldo.org\/eu\/wp-json\/wp\/v2\/tags?post=9813"}],"curies":[{"name":"wp","href":"https:\/\/api.w.org\/{rel}","templated":true}]}}