{"id":9880,"date":"2023-12-29T21:29:15","date_gmt":"2023-12-29T20:29:15","guid":{"rendered":"https:\/\/micologica-barakaldo.org\/?p=9880"},"modified":"2023-12-29T21:32:02","modified_gmt":"2023-12-29T20:32:02","slug":"imleria-badia","status":"publish","type":"post","link":"https:\/\/micologica-barakaldo.org\/eu\/imleria-badia\/","title":{"rendered":"Imleria badia"},"content":{"rendered":"<div class=\"fusion-fullwidth fullwidth-box fusion-builder-row-1 nonhundred-percent-fullwidth non-hundred-percent-height-scrolling\" style=\"--awb-border-radius-top-left:0px;--awb-border-radius-top-right:0px;--awb-border-radius-bottom-right:0px;--awb-border-radius-bottom-left:0px;--awb-padding-bottom:50px;--awb-flex-wrap:wrap;\" ><div class=\"fusion-builder-row fusion-row\"><div class=\"fusion-layout-column fusion_builder_column fusion-builder-column-0 fusion_builder_column_1_2 1_2 fusion-one-half fusion-column-first\" style=\"--awb-bg-size:cover;width:48%; margin-right: 4%;\"><div class=\"fusion-column-wrapper fusion-flex-column-wrapper-legacy\"><div class=\"fusion-text fusion-text-1\"><p>&nbsp;<\/p>\n<p style=\"text-align: justify;\"><strong><em>Imleria badia <\/em><\/strong><strong>(Fr.) Vizzini<\/strong>, Index Fungorum 147: 1. 2014<\/p>\n<p style=\"text-align: justify;\">MycoBank: <span style=\"color: #3366ff;\"><a style=\"color: #3366ff;\" href=\"https:\/\/www.mycobank.org\/MB\/550569\">550569<\/a><\/span><\/p>\n<p style=\"text-align: justify;\">Caracteres macrosc\u00f3picos. <em>P\u00edleo<\/em> de 50-150 mm. de di\u00e1metro, primero hemisf\u00e9rico, despu\u00e9s convexo, finalmente extendido; margen espeso, involuto en los basidiomas j\u00f3venes; superficie pileica no separable, ligeramente viscosa y brillante en tiempo h\u00famedo, seca mate y un poco vellosa en tiempo h\u00famedo, lisa, de color bayo, pardo-ocre, marr\u00f3n oscuro, pardo-chocolate.\u00a0 <em>Himen\u00f3foro <\/em>formado por tubos anchos de 10-14 mm, adnatos, blanquecinos, pronto amarillentos, verdosos en la madurez, al corte se manchan de verde-azulado; poros primero peque\u00f1os, m\u00e1s tarde anchos y un poco angulosos, del mismo color que los tubos, al roce o en las heridas azulean visiblemente. Est\u00edpite de 65-120 \u00d7 20-35 mm., variable, unas veces robusto, otras esbelto y delgado, en ocasiones fusiforme, fibrilloso, de color ocre claro, marr\u00f3n-amarillo, incluso marr\u00f3n, pero oscureci\u00e9ndose por marcas longitudinales. <em>Contexto<\/em> espeso, firme, blanquecino, pardo-rojo bajo la pileipellis, amarillento cerca de los tubos, azuleando ligeramente en el sombrero y bajo los tubos, crema claro en el est\u00edpite; olor y sabor suaves poco apreciables.<\/p>\n<p style=\"text-align: justify;\">Caracteres microsc\u00f3picos. <em>Basidi\u00f3sporas<\/em> de (11,0) 13,1 \u00b1 0,80 (14,7) \u00d7 (4,0) 4,5 \u00b1 0,30 (5,2) \u03bcm\/ Q = (2,7) 2,9 \u00b1 0,15 (3,3), fusiformes, con depresi\u00f3n supra apical, lisas, con paredes espesas, amarillo-ocre en KOH al 3%. Esporada de color oliv\u00e1ceo oscuro. Cistidios de 40-75 \u00d7 8,5-14 \u00b5m, fusiformes, lageniformes. Pileipellis de tipo tricodermis, con hifas m\u00e1s o menos entremezcladas, con art\u00edculos largos, m\u00e1s o menos erectos, cilindr\u00e1ceos o un poco abultados en lo alto, de calibre \u00d74-8 \u00b5m.<\/p>\n<p style=\"text-align: justify;\">Material estudiado. En verano y oto\u00f1o bajo con\u00edferas, sobre todo bajo <em>Pinus<\/em>, m\u00e1s raramente bajo <em>Picea<\/em> o <em>Pseudotsuga<\/em>, menos frecuente bajo frondosas (<em>Quercus<\/em> y <em>Fagus<\/em>), en suelos \u00e1cidos. Distribuci\u00f3n. Muy com\u00fan y abundante. C. Fotograf\u00eda. Jos\u00e9 A. Mu\u00f1oz S\u00e1nchez.<\/p>\n<p style=\"text-align: justify;\"><span style=\"color: #000000;\">Citar como: MU\u00d1OZ, J. A. (2023). <em>Imleria badia <\/em>(Fr.) Vizzini, micol\u00f3gica-barakaldo.org [en l\u00ednea]. Fichas Micol\u00f3gicas, 805 (Actualizada el 29-XII-2023). ISSN 2660-633X. [consultado el xx\/xx\/xxx] <a style=\"color: #000000;\" href=\"https:\/\/micologica-barakaldo.org\/Imleria-badia\/\">https:\/\/micologica-barakaldo.org\/Imleria-badia\/<\/a><\/span><\/p>\n<\/div><div class=\"fusion-clearfix\"><\/div><\/div><\/div><div class=\"fusion-layout-column fusion_builder_column fusion-builder-column-1 fusion_builder_column_1_2 1_2 fusion-one-half fusion-column-last\" style=\"--awb-bg-size:cover;width:48%;\"><div class=\"fusion-column-wrapper fusion-flex-column-wrapper-legacy\"><div class=\"fusion-image-element in-legacy-container\" style=\"--awb-caption-title-font-family:var(--h2_typography-font-family);--awb-caption-title-font-weight:var(--h2_typography-font-weight);--awb-caption-title-font-style:var(--h2_typography-font-style);--awb-caption-title-size:var(--h2_typography-font-size);--awb-caption-title-transform:var(--h2_typography-text-transform);--awb-caption-title-line-height:var(--h2_typography-line-height);--awb-caption-title-letter-spacing:var(--h2_typography-letter-spacing);\"><span class=\" fusion-imageframe imageframe-none imageframe-1 hover-type-none\"><img loading=\"lazy\" decoding=\"async\" width=\"1204\" height=\"870\" title=\"Imleria badia_20151024_19252\" src=\"https:\/\/micologica-barakaldo.org\/wp-content\/uploads\/2023\/12\/Imleria-badia_20151024_19252.jpg\" alt class=\"img-responsive wp-image-9879\" srcset=\"https:\/\/micologica-barakaldo.org\/wp-content\/uploads\/2023\/12\/Imleria-badia_20151024_19252-200x145.jpg 200w, https:\/\/micologica-barakaldo.org\/wp-content\/uploads\/2023\/12\/Imleria-badia_20151024_19252-400x289.jpg 400w, https:\/\/micologica-barakaldo.org\/wp-content\/uploads\/2023\/12\/Imleria-badia_20151024_19252-600x434.jpg 600w, https:\/\/micologica-barakaldo.org\/wp-content\/uploads\/2023\/12\/Imleria-badia_20151024_19252-800x578.jpg 800w, https:\/\/micologica-barakaldo.org\/wp-content\/uploads\/2023\/12\/Imleria-badia_20151024_19252-1200x867.jpg 1200w, https:\/\/micologica-barakaldo.org\/wp-content\/uploads\/2023\/12\/Imleria-badia_20151024_19252.jpg 1204w\" sizes=\"auto, (max-width: 1024px) 100vw, 800px\" \/><\/span><\/div><div class=\"fusion-clearfix\"><\/div><\/div><\/div><div class=\"fusion-layout-column fusion_builder_column fusion-builder-column-2 fusion_builder_column_1_1 1_1 fusion-one-full fusion-column-first fusion-column-last\" style=\"--awb-padding-top:40px;--awb-bg-size:cover;\"><div class=\"fusion-column-wrapper fusion-flex-column-wrapper-legacy\"><div class=\"fusion-aligncenter\"><a class=\"fusion-button button-flat button-xlarge button-default fusion-button-default button-1 fusion-button-default-span fusion-button-default-type\" target=\"_self\" href=\"https:\/\/micologica-barakaldo.org\/wp-content\/uploads\/2023\/12\/Imleria-badia.pdf\"><i class=\"fa-file-pdf far awb-button__icon awb-button__icon--default button-icon-left\" aria-hidden=\"true\"><\/i><span class=\"fusion-button-text awb-button__text awb-button__text--default\">VER FICHA COMPLETA<\/span><\/a><\/div><div class=\"fusion-clearfix\"><\/div><\/div><\/div><\/div><\/div>\n","protected":false},"excerpt":{"rendered":"","protected":false},"author":2,"featured_media":9878,"comment_status":"open","ping_status":"closed","sticky":false,"template":"","format":"standard","meta":{"footnotes":"","jetpack_publicize_message":"","jetpack_publicize_feature_enabled":true,"jetpack_social_post_already_shared":true,"jetpack_social_options":{"image_generator_settings":{"template":"highway","default_image_id":0,"font":"","enabled":false},"version":2}},"categories":[6,36],"tags":[],"class_list":["post-9880","post","type-post","status-publish","format-standard","has-post-thumbnail","hentry","category-fichas-micologicas","category-fichas-micologicas-setas-i"],"jetpack_publicize_connections":[],"jetpack_featured_media_url":"https:\/\/micologica-barakaldo.org\/wp-content\/uploads\/2023\/12\/Imleria-badia_20151024_19252.jpg","jetpack_shortlink":"https:\/\/wp.me\/p9dTSQ-2zm","_links":{"self":[{"href":"https:\/\/micologica-barakaldo.org\/eu\/wp-json\/wp\/v2\/posts\/9880","targetHints":{"allow":["GET"]}}],"collection":[{"href":"https:\/\/micologica-barakaldo.org\/eu\/wp-json\/wp\/v2\/posts"}],"about":[{"href":"https:\/\/micologica-barakaldo.org\/eu\/wp-json\/wp\/v2\/types\/post"}],"author":[{"embeddable":true,"href":"https:\/\/micologica-barakaldo.org\/eu\/wp-json\/wp\/v2\/users\/2"}],"replies":[{"embeddable":true,"href":"https:\/\/micologica-barakaldo.org\/eu\/wp-json\/wp\/v2\/comments?post=9880"}],"version-history":[{"count":2,"href":"https:\/\/micologica-barakaldo.org\/eu\/wp-json\/wp\/v2\/posts\/9880\/revisions"}],"predecessor-version":[{"id":9882,"href":"https:\/\/micologica-barakaldo.org\/eu\/wp-json\/wp\/v2\/posts\/9880\/revisions\/9882"}],"wp:featuredmedia":[{"embeddable":true,"href":"https:\/\/micologica-barakaldo.org\/eu\/wp-json\/wp\/v2\/media\/9878"}],"wp:attachment":[{"href":"https:\/\/micologica-barakaldo.org\/eu\/wp-json\/wp\/v2\/media?parent=9880"}],"wp:term":[{"taxonomy":"category","embeddable":true,"href":"https:\/\/micologica-barakaldo.org\/eu\/wp-json\/wp\/v2\/categories?post=9880"},{"taxonomy":"post_tag","embeddable":true,"href":"https:\/\/micologica-barakaldo.org\/eu\/wp-json\/wp\/v2\/tags?post=9880"}],"curies":[{"name":"wp","href":"https:\/\/api.w.org\/{rel}","templated":true}]}}